{"id":4963,"date":"2024-08-31T11:21:22","date_gmt":"2024-08-31T09:21:22","guid":{"rendered":"https:\/\/turmschiefbahn.de\/?p=4963"},"modified":"2024-09-01T08:52:51","modified_gmt":"2024-09-01T06:52:51","slug":"neue-trainingszeiten-jugend","status":"publish","type":"post","link":"https:\/\/turmschiefbahn.de\/?p=4963","title":{"rendered":"Neue Trainingszeiten &#8211; Jugend"},"content":{"rendered":"\n<p>Ab September wird es f\u00fcr die Kinder und Jugendlichen neue Trainingszeiten geben. <\/p>\n\n\n\n<p>Donnerstags von 17:15 &#8211; 19:15 Uhr findet ein leistungsorientiertes Training mit Er\u00f6ffnungen, Taktik, etc statt. Dieses Training wird Wolfgang federf\u00fchrend leiten. Dabei wird er von einzelnen Mitgliedern aus dem Verein unterst\u00fctzt.<\/p>\n\n\n\n<p>Freitags von 17:00 &#8211; 18:30 Uhr leitet Nils das Training. Dieses Training wird \u00fcberwiegend zum freien Spiel genutzt. Auch er bekommt aus einem Pool von Vereinsmitgliedern und Eltern Unterst\u00fctzung. <\/p>\n\n\n\n<p>Danke an alle Beteiligten, die das Training und die Trainingszeiten so m\u00f6glich machen. Ebenfalls ein gro\u00dfes Dankesch\u00f6n an Viktoria und Michael, die das Training jahrelang geleitet und den Kindern und Jugendlichen zu vielen Erfolgen verholfen haben.<\/p>\n","protected":false},"excerpt":{"rendered":"<p>Ab September wird es f\u00fcr die Kinder und Jugendlichen neue Trainingszeiten geben. Donnerstags von 17:15 &#8211; 19:15 Uhr findet ein leistungsorientiertes Training mit Er\u00f6ffnungen, Taktik, etc statt. Dieses Training wird Wolfgang federf\u00fchrend leiten. Dabei wird er von einzelnen Mitgliedern aus dem Verein unterst\u00fctzt. Freitags von 17:00 &#8211; 18:30 Uhr leitet Nils das Training. Dieses Training [&hellip;]<\/p>\n","protected":false},"author":8,"featured_media":0,"comment_status":"closed","ping_status":"closed","sticky":false,"template":"","format":"standard","meta":{"footnotes":""},"categories":[11],"tags":[],"class_list":["post-4963","post","type-post","status-publish","format-standard","hentry","category-kinder-und-jugend","wpbf-post"],"_links":{"self":[{"href":"https:\/\/turmschiefbahn.de\/index.php?rest_route=\/wp\/v2\/posts\/4963","targetHints":{"allow":["GET"]}}],"collection":[{"href":"https:\/\/turmschiefbahn.de\/index.php?rest_route=\/wp\/v2\/posts"}],"about":[{"href":"https:\/\/turmschiefbahn.de\/index.php?rest_route=\/wp\/v2\/types\/post"}],"author":[{"embeddable":true,"href":"https:\/\/turmschiefbahn.de\/index.php?rest_route=\/wp\/v2\/users\/8"}],"replies":[{"embeddable":true,"href":"https:\/\/turmschiefbahn.de\/index.php?rest_route=%2Fwp%2Fv2%2Fcomments&post=4963"}],"version-history":[{"count":3,"href":"https:\/\/turmschiefbahn.de\/index.php?rest_route=\/wp\/v2\/posts\/4963\/revisions"}],"predecessor-version":[{"id":4967,"href":"https:\/\/turmschiefbahn.de\/index.php?rest_route=\/wp\/v2\/posts\/4963\/revisions\/4967"}],"wp:attachment":[{"href":"https:\/\/turmschiefbahn.de\/index.php?rest_route=%2Fwp%2Fv2%2Fmedia&parent=4963"}],"wp:term":[{"taxonomy":"category","embeddable":true,"href":"https:\/\/turmschiefbahn.de\/index.php?rest_route=%2Fwp%2Fv2%2Fcategories&post=4963"},{"taxonomy":"post_tag","embeddable":true,"href":"https:\/\/turmschiefbahn.de\/index.php?rest_route=%2Fwp%2Fv2%2Ftags&post=4963"}],"curies":[{"name":"wp","href":"https:\/\/api.w.org\/{rel}","templated":true}]}}